{"id":780,"date":"2014-10-15T08:08:28","date_gmt":"2014-10-15T07:08:28","guid":{"rendered":"https:\/\/www.skcr.org\/?p=780"},"modified":"2015-08-07T09:40:13","modified_gmt":"2015-08-07T08:40:13","slug":"at-the-56th-international-trade-fair-in-october-in-brno-was-undertaken-jointly-stand-skcr","status":"publish","type":"post","link":"https:\/\/www.skcr.org\/en\/780\/at-the-56th-international-trade-fair-in-october-in-brno-was-undertaken-jointly-stand-skcr\/","title":{"rendered":"At the 56th International Trade Fair in October in Brno was undertaken jointly stand SK\u010cR"},"content":{"rendered":"<p>At the 56th International Trade Fair in October in Brno was undertaken jointly stand SK\u010cR. SK\u010cR represented by Director of the Association. Nearby was co- forge MSV Metal Stud\u00e9nka and part stand of the Union and forge KOVOLIT Mod\u0159ice and Taforge Kop\u0159ivnice. On the stand was logged exhibit in the competition for the best innovative exhibit MSV, which won the prestigious Gold Medal 2014. This hollow shaft of ultra &#8211; high-strength steel produced by internal pressure hot gas with integrated thermomechanical processing, implemented by University of West Bohemia. Further, some members stand SK\u010cR also used to separate negotiations.<\/p>\n","protected":false},"excerpt":{"rendered":"<p>At the 56th International Trade Fair in October in Brno was undertaken jointly stand SK\u010cR. SK\u010cR represented by Director of the Association. Nearby was co- forge MSV Metal Stud\u00e9nka and part stand of the Union and forge KOVOLIT Mod\u0159ice and Taforge Kop\u0159ivnice. On the stand was logged exhibit in the competition for the best innovative [&hellip;]<\/p>\n","protected":false},"author":2,"featured_media":0,"comment_status":"open","ping_status":"open","sticky":false,"template":"","format":"standard","meta":{"_acf_changed":false,"footnotes":""},"categories":[3],"tags":[],"class_list":["post-780","post","type-post","status-publish","format-standard","hentry","category-novinky-en"],"acf":[],"yoast_head":"<!-- This site is optimized with the Yoast SEO plugin v26.8 - https:\/\/yoast.com\/product\/yoast-seo-wordpress\/ -->\n<title>At the 56th International Trade Fair in October in Brno was undertaken jointly stand SK\u010cR | SK\u010cR.org<\/title>\n<meta name=\"robots\" content=\"index, follow, max-snippet:-1, max-image-preview:large, max-video-preview:-1\" \/>\n<link rel=\"canonical\" href=\"https:\/\/www.skcr.org\/en\/780\/at-the-56th-international-trade-fair-in-october-in-brno-was-undertaken-jointly-stand-skcr\/\" \/>\n<meta property=\"og:locale\" content=\"en_US\" \/>\n<meta property=\"og:type\" content=\"article\" \/>\n<meta property=\"og:title\" content=\"At the 56th International Trade Fair in October in Brno was undertaken jointly stand SK\u010cR | SK\u010cR.org\" \/>\n<meta property=\"og:description\" content=\"At the 56th International Trade Fair in October in Brno was undertaken jointly stand SK\u010cR. SK\u010cR represented by Director of the Association. Nearby was co- forge MSV Metal Stud\u00e9nka and part stand of the Union and forge KOVOLIT Mod\u0159ice and Taforge Kop\u0159ivnice. On the stand was logged exhibit in the competition for the best innovative [&hellip;]\" \/>\n<meta property=\"og:url\" content=\"https:\/\/www.skcr.org\/en\/780\/at-the-56th-international-trade-fair-in-october-in-brno-was-undertaken-jointly-stand-skcr\/\" \/>\n<meta property=\"og:site_name\" content=\"SK\u010cR.org\" \/>\n<meta property=\"article:published_time\" content=\"2014-10-15T07:08:28+00:00\" \/>\n<meta property=\"article:modified_time\" content=\"2015-08-07T08:40:13+00:00\" \/>\n<meta name=\"author\" content=\"Petr Tk\u00e1\u010d\" \/>\n<meta name=\"twitter:label1\" content=\"Written by\" \/>\n\t<meta name=\"twitter:data1\" content=\"Petr Tk\u00e1\u010d\" \/>\n\t<meta name=\"twitter:label2\" content=\"Est. reading time\" \/>\n\t<meta name=\"twitter:data2\" content=\"1 minute\" \/>\n<script type=\"application\/ld+json\" class=\"yoast-schema-graph\">{\"@context\":\"https:\/\/schema.org\",\"@graph\":[{\"@type\":\"Article\",\"@id\":\"https:\/\/www.skcr.org\/en\/780\/at-the-56th-international-trade-fair-in-october-in-brno-was-undertaken-jointly-stand-skcr\/#article\",\"isPartOf\":{\"@id\":\"https:\/\/www.skcr.org\/en\/780\/at-the-56th-international-trade-fair-in-october-in-brno-was-undertaken-jointly-stand-skcr\/\"},\"author\":{\"name\":\"Petr Tk\u00e1\u010d\",\"@id\":\"https:\/\/www.skcr.org\/en\/#\/schema\/person\/5ce49ae469c94987daf50455f6313b99\"},\"headline\":\"At the 56th International Trade Fair in October in Brno was undertaken jointly stand SK\u010cR\",\"datePublished\":\"2014-10-15T07:08:28+00:00\",\"dateModified\":\"2015-08-07T08:40:13+00:00\",\"mainEntityOfPage\":{\"@id\":\"https:\/\/www.skcr.org\/en\/780\/at-the-56th-international-trade-fair-in-october-in-brno-was-undertaken-jointly-stand-skcr\/\"},\"wordCount\":119,\"commentCount\":0,\"articleSection\":[\"Novinky\"],\"inLanguage\":\"en-US\",\"potentialAction\":[{\"@type\":\"CommentAction\",\"name\":\"Comment\",\"target\":[\"https:\/\/www.skcr.org\/en\/780\/at-the-56th-international-trade-fair-in-october-in-brno-was-undertaken-jointly-stand-skcr\/#respond\"]}]},{\"@type\":\"WebPage\",\"@id\":\"https:\/\/www.skcr.org\/en\/780\/at-the-56th-international-trade-fair-in-october-in-brno-was-undertaken-jointly-stand-skcr\/\",\"url\":\"https:\/\/www.skcr.org\/en\/780\/at-the-56th-international-trade-fair-in-october-in-brno-was-undertaken-jointly-stand-skcr\/\",\"name\":\"At the 56th International Trade Fair in October in Brno was undertaken jointly stand SK\u010cR | SK\u010cR.org\",\"isPartOf\":{\"@id\":\"https:\/\/www.skcr.org\/en\/#website\"},\"datePublished\":\"2014-10-15T07:08:28+00:00\",\"dateModified\":\"2015-08-07T08:40:13+00:00\",\"author\":{\"@id\":\"https:\/\/www.skcr.org\/en\/#\/schema\/person\/5ce49ae469c94987daf50455f6313b99\"},\"breadcrumb\":{\"@id\":\"https:\/\/www.skcr.org\/en\/780\/at-the-56th-international-trade-fair-in-october-in-brno-was-undertaken-jointly-stand-skcr\/#breadcrumb\"},\"inLanguage\":\"en-US\",\"potentialAction\":[{\"@type\":\"ReadAction\",\"target\":[\"https:\/\/www.skcr.org\/en\/780\/at-the-56th-international-trade-fair-in-october-in-brno-was-undertaken-jointly-stand-skcr\/\"]}]},{\"@type\":\"BreadcrumbList\",\"@id\":\"https:\/\/www.skcr.org\/en\/780\/at-the-56th-international-trade-fair-in-october-in-brno-was-undertaken-jointly-stand-skcr\/#breadcrumb\",\"itemListElement\":[{\"@type\":\"ListItem\",\"position\":1,\"name\":\"Dom\u016f\",\"item\":\"https:\/\/www.skcr.org\/en\/\"},{\"@type\":\"ListItem\",\"position\":2,\"name\":\"At the 56th International Trade Fair in October in Brno was undertaken jointly stand SK\u010cR\"}]},{\"@type\":\"WebSite\",\"@id\":\"https:\/\/www.skcr.org\/en\/#website\",\"url\":\"https:\/\/www.skcr.org\/en\/\",\"name\":\"SK\u010cR.org\",\"description\":\"Svaz kov\u00e1ren \u010cR\",\"potentialAction\":[{\"@type\":\"SearchAction\",\"target\":{\"@type\":\"EntryPoint\",\"urlTemplate\":\"https:\/\/www.skcr.org\/en\/?s={search_term_string}\"},\"query-input\":{\"@type\":\"PropertyValueSpecification\",\"valueRequired\":true,\"valueName\":\"search_term_string\"}}],\"inLanguage\":\"en-US\"},{\"@type\":\"Person\",\"@id\":\"https:\/\/www.skcr.org\/en\/#\/schema\/person\/5ce49ae469c94987daf50455f6313b99\",\"name\":\"Petr Tk\u00e1\u010d\",\"image\":{\"@type\":\"ImageObject\",\"inLanguage\":\"en-US\",\"@id\":\"https:\/\/www.skcr.org\/en\/#\/schema\/person\/image\/\",\"url\":\"https:\/\/secure.gravatar.com\/avatar\/24033a7f0aa00af77b28ab78772239c6fa1f5d55bb8831a6b832726da9d5b237?s=96&d=mm&r=g\",\"contentUrl\":\"https:\/\/secure.gravatar.com\/avatar\/24033a7f0aa00af77b28ab78772239c6fa1f5d55bb8831a6b832726da9d5b237?s=96&d=mm&r=g\",\"caption\":\"Petr Tk\u00e1\u010d\"},\"url\":\"https:\/\/www.skcr.org\/en\/author\/tkac\/\"}]}<\/script>\n<!-- \/ Yoast SEO plugin. -->","yoast_head_json":{"title":"At the 56th International Trade Fair in October in Brno was undertaken jointly stand SK\u010cR | SK\u010cR.org","robots":{"index":"index","follow":"follow","max-snippet":"max-snippet:-1","max-image-preview":"max-image-preview:large","max-video-preview":"max-video-preview:-1"},"canonical":"https:\/\/www.skcr.org\/en\/780\/at-the-56th-international-trade-fair-in-october-in-brno-was-undertaken-jointly-stand-skcr\/","og_locale":"en_US","og_type":"article","og_title":"At the 56th International Trade Fair in October in Brno was undertaken jointly stand SK\u010cR | SK\u010cR.org","og_description":"At the 56th International Trade Fair in October in Brno was undertaken jointly stand SK\u010cR. SK\u010cR represented by Director of the Association. Nearby was co- forge MSV Metal Stud\u00e9nka and part stand of the Union and forge KOVOLIT Mod\u0159ice and Taforge Kop\u0159ivnice. On the stand was logged exhibit in the competition for the best innovative [&hellip;]","og_url":"https:\/\/www.skcr.org\/en\/780\/at-the-56th-international-trade-fair-in-october-in-brno-was-undertaken-jointly-stand-skcr\/","og_site_name":"SK\u010cR.org","article_published_time":"2014-10-15T07:08:28+00:00","article_modified_time":"2015-08-07T08:40:13+00:00","author":"Petr Tk\u00e1\u010d","twitter_misc":{"Written by":"Petr Tk\u00e1\u010d","Est. reading time":"1 minute"},"schema":{"@context":"https:\/\/schema.org","@graph":[{"@type":"Article","@id":"https:\/\/www.skcr.org\/en\/780\/at-the-56th-international-trade-fair-in-october-in-brno-was-undertaken-jointly-stand-skcr\/#article","isPartOf":{"@id":"https:\/\/www.skcr.org\/en\/780\/at-the-56th-international-trade-fair-in-october-in-brno-was-undertaken-jointly-stand-skcr\/"},"author":{"name":"Petr Tk\u00e1\u010d","@id":"https:\/\/www.skcr.org\/en\/#\/schema\/person\/5ce49ae469c94987daf50455f6313b99"},"headline":"At the 56th International Trade Fair in October in Brno was undertaken jointly stand SK\u010cR","datePublished":"2014-10-15T07:08:28+00:00","dateModified":"2015-08-07T08:40:13+00:00","mainEntityOfPage":{"@id":"https:\/\/www.skcr.org\/en\/780\/at-the-56th-international-trade-fair-in-october-in-brno-was-undertaken-jointly-stand-skcr\/"},"wordCount":119,"commentCount":0,"articleSection":["Novinky"],"inLanguage":"en-US","potentialAction":[{"@type":"CommentAction","name":"Comment","target":["https:\/\/www.skcr.org\/en\/780\/at-the-56th-international-trade-fair-in-october-in-brno-was-undertaken-jointly-stand-skcr\/#respond"]}]},{"@type":"WebPage","@id":"https:\/\/www.skcr.org\/en\/780\/at-the-56th-international-trade-fair-in-october-in-brno-was-undertaken-jointly-stand-skcr\/","url":"https:\/\/www.skcr.org\/en\/780\/at-the-56th-international-trade-fair-in-october-in-brno-was-undertaken-jointly-stand-skcr\/","name":"At the 56th International Trade Fair in October in Brno was undertaken jointly stand SK\u010cR | SK\u010cR.org","isPartOf":{"@id":"https:\/\/www.skcr.org\/en\/#website"},"datePublished":"2014-10-15T07:08:28+00:00","dateModified":"2015-08-07T08:40:13+00:00","author":{"@id":"https:\/\/www.skcr.org\/en\/#\/schema\/person\/5ce49ae469c94987daf50455f6313b99"},"breadcrumb":{"@id":"https:\/\/www.skcr.org\/en\/780\/at-the-56th-international-trade-fair-in-october-in-brno-was-undertaken-jointly-stand-skcr\/#breadcrumb"},"inLanguage":"en-US","potentialAction":[{"@type":"ReadAction","target":["https:\/\/www.skcr.org\/en\/780\/at-the-56th-international-trade-fair-in-october-in-brno-was-undertaken-jointly-stand-skcr\/"]}]},{"@type":"BreadcrumbList","@id":"https:\/\/www.skcr.org\/en\/780\/at-the-56th-international-trade-fair-in-october-in-brno-was-undertaken-jointly-stand-skcr\/#breadcrumb","itemListElement":[{"@type":"ListItem","position":1,"name":"Dom\u016f","item":"https:\/\/www.skcr.org\/en\/"},{"@type":"ListItem","position":2,"name":"At the 56th International Trade Fair in October in Brno was undertaken jointly stand SK\u010cR"}]},{"@type":"WebSite","@id":"https:\/\/www.skcr.org\/en\/#website","url":"https:\/\/www.skcr.org\/en\/","name":"SK\u010cR.org","description":"Svaz kov\u00e1ren \u010cR","potentialAction":[{"@type":"SearchAction","target":{"@type":"EntryPoint","urlTemplate":"https:\/\/www.skcr.org\/en\/?s={search_term_string}"},"query-input":{"@type":"PropertyValueSpecification","valueRequired":true,"valueName":"search_term_string"}}],"inLanguage":"en-US"},{"@type":"Person","@id":"https:\/\/www.skcr.org\/en\/#\/schema\/person\/5ce49ae469c94987daf50455f6313b99","name":"Petr Tk\u00e1\u010d","image":{"@type":"ImageObject","inLanguage":"en-US","@id":"https:\/\/www.skcr.org\/en\/#\/schema\/person\/image\/","url":"https:\/\/secure.gravatar.com\/avatar\/24033a7f0aa00af77b28ab78772239c6fa1f5d55bb8831a6b832726da9d5b237?s=96&d=mm&r=g","contentUrl":"https:\/\/secure.gravatar.com\/avatar\/24033a7f0aa00af77b28ab78772239c6fa1f5d55bb8831a6b832726da9d5b237?s=96&d=mm&r=g","caption":"Petr Tk\u00e1\u010d"},"url":"https:\/\/www.skcr.org\/en\/author\/tkac\/"}]}},"_links":{"self":[{"href":"https:\/\/www.skcr.org\/en\/wp-json\/wp\/v2\/posts\/780","targetHints":{"allow":["GET"]}}],"collection":[{"href":"https:\/\/www.skcr.org\/en\/wp-json\/wp\/v2\/posts"}],"about":[{"href":"https:\/\/www.skcr.org\/en\/wp-json\/wp\/v2\/types\/post"}],"author":[{"embeddable":true,"href":"https:\/\/www.skcr.org\/en\/wp-json\/wp\/v2\/users\/2"}],"replies":[{"embeddable":true,"href":"https:\/\/www.skcr.org\/en\/wp-json\/wp\/v2\/comments?post=780"}],"version-history":[{"count":2,"href":"https:\/\/www.skcr.org\/en\/wp-json\/wp\/v2\/posts\/780\/revisions"}],"predecessor-version":[{"id":782,"href":"https:\/\/www.skcr.org\/en\/wp-json\/wp\/v2\/posts\/780\/revisions\/782"}],"wp:attachment":[{"href":"https:\/\/www.skcr.org\/en\/wp-json\/wp\/v2\/media?parent=780"}],"wp:term":[{"taxonomy":"category","embeddable":true,"href":"https:\/\/www.skcr.org\/en\/wp-json\/wp\/v2\/categories?post=780"},{"taxonomy":"post_tag","embeddable":true,"href":"https:\/\/www.skcr.org\/en\/wp-json\/wp\/v2\/tags?post=780"}],"curies":[{"name":"wp","href":"https:\/\/api.w.org\/{rel}","templated":true}]}}